{"id":4061,"date":"2025-11-11T11:10:31","date_gmt":"2025-11-11T10:10:31","guid":{"rendered":"https:\/\/www.planetfanatics.hu\/?p=4061"},"modified":"2025-12-04T11:14:30","modified_gmt":"2025-12-04T10:14:30","slug":"e-on-champions-of-the-earth-for-the-third-time","status":"publish","type":"post","link":"https:\/\/www.planetfanatics.hu\/en\/news\/e-on-champions-of-the-earth-for-the-third-time\/","title":{"rendered":"E.ON Champions of the Earth for the Third Time"},"content":{"rendered":"<h6 class=\"meta-author-wrapped\">Author: <strong>Katalin Szomol\u00e1nyi<\/strong><\/h6>\n<blockquote><p>A day for and with those who channel climate anxiety into action.<\/p><\/blockquote>\n<p data-path-to-node=\"4\">This is the third consecutive year that E.ON, the energy company operating the power grid in Transdanubia, Pest County, and Budapest, has awarded kindergarten and school communities. This year, approximately <b>350 entries<\/b> were received, from which <b>13 projects<\/b> were recognized and granted up to <b>2.5 million HUF<\/b> each, based on the evaluation of a jury. The jury members included Guntram W\u00fcrzberg, CEO of E.ON Hung\u00e1ria Group; Di\u00e1na \u00dcrge-Vorsatz, Vice Chair of the IPCC; Lia Pokorny, actress; R\u00e9ka Nagy (\u00d6koanyu), climate communication expert; and myself, Katalin Szomol\u00e1nyi, founder and managing director of Planet Fanatics\u2019 Network. With <b>1,200 submissions<\/b> to date, <b>42 winning institutions<\/b>, and a total of <b>75 million HUF<\/b> in support, the competition has grown into a nationwide movement.<\/p>\n<p data-path-to-node=\"5\">A generation may grow up for whom the fundamental attitude towards sustainability and their own adulthood is not passive worry for the environment, but active shaping of the future. This could be the most important result of the process E.ON started with the Champions of the Earth competition. Through the initiative\u2014which has now reached every tenth Hungarian kindergarten and school directly or indirectly\u2014around 9,000 children have experienced that the environment around us can be protected and that the world will be what we shape it to be together through our decisions and actions.<\/p>\n<h3 data-path-to-node=\"6\">2025 Champions of the Earth<\/h3>\n<p data-path-to-node=\"7\">In <b>Decs, Tolna County<\/b>, preschoolers learn about responsible animal husbandry and crop cultivation through a mini poultry yard and kitchen garden. In the <b>Gy\u00e1l kindergarten&#8217;s<\/b> eco-camp, a story trail is being established with educational islands, a garden pond, and a hedgehog garage to bring the complexity of wildlife truly close to the little ones. In <b>V\u00e1c<\/b>, Hungary&#8217;s first school sponge garden helps students master responsible and sustainable water use.<\/p>\n<p data-path-to-node=\"8\">The school garden in <b>Kelenv\u00f6lgy<\/b> is being expanded with renewable energy, wetland, and bee-friendly elements. The community of the <b>Kunpesz\u00e9r school<\/b> is planting a climate-friendly forest. In <b>Visegr\u00e1d<\/b>, students observe protected bats living in the school&#8217;s basement using a monitoring station. The <b>Gennaro Verolino High School in Budapest<\/b> is building its inclusive sustainability program around school gardening, involving preschoolers, elementary students, and young people with autism spectrum disorder and moderate intellectual disabilities. A <b>high school in Debrecen<\/b> is launching a sustainability competition for all secondary schools in the region.<\/p>\n<p data-path-to-node=\"9\"><b>The winning entries and their currently envisioned projects are as follows:<\/b><\/p>\n<p data-path-to-node=\"10\"><b>Kindergartens<\/b><\/p>\n<ul data-path-to-node=\"11\">\n<li>\n<p data-path-to-node=\"11,0,0\"><b>Decsi Tesz-Vesz Kindergarten:<\/b> &#8220;Tesz-Vesz Farm&#8221;<\/p>\n<\/li>\n<li>\n<p data-path-to-node=\"11,1,0\"><b>Gy\u00e1li T\u00e1tika Kindergarten, Bart\u00f3k B\u00e9la Road Site:<\/b> &#8220;P\u00f6tyi and Friends&#8221;<\/p>\n<\/li>\n<li>\n<p data-path-to-node=\"11,2,0\"><b>Ongai B\u00e1rsonyos Kindergarten and Nursery:<\/b> &#8220;Green Wizards&#8221;<\/p>\n<\/li>\n<li>\n<p data-path-to-node=\"11,3,0\"><b>Piliscsabai Szent L\u00e1szl\u00f3 Kindergarten:<\/b> &#8220;Love the Birds of the Sky!&#8221;<\/p>\n<\/li>\n<li>\n<p data-path-to-node=\"11,4,0\"><b>Szombathelyi H\u00e9tsz\u00ednvir\u00e1g Kindergarten:<\/b> &#8220;Rainbow Flower \u2013 Green World&#8221;<\/p>\n<\/li>\n<\/ul>\n<p data-path-to-node=\"12\"><b>Primary Schools<\/b><\/p>\n<ul data-path-to-node=\"13\">\n<li>\n<p data-path-to-node=\"13,0,0\"><b>Ap\u00e1tk\u00fati Forest Primary School:<\/b> &#8220;Bat Station&#8221;<\/p>\n<\/li>\n<li>\n<p data-path-to-node=\"13,1,0\"><b>Budapest School Primary and High School:<\/b> &#8220;An Oasis for Our School!&#8221;<\/p>\n<\/li>\n<li>\n<p data-path-to-node=\"13,2,0\"><b>Kelenv\u00f6lgyi Primary School:<\/b> &#8220;Sustainable Garden Project&#8221; \u2013 <i>Audience Award Winner<\/i><\/p>\n<\/li>\n<li>\n<p data-path-to-node=\"13,3,0\"><b>Kunpesz\u00e9ri Primary School:<\/b> &#8220;Building a (Beautiful) Climate-Friendly Forest&#8221;<\/p>\n<\/li>\n<li>\n<p data-path-to-node=\"13,4,0\"><b>Pilisborosjen\u0151i German Ethnic Primary School:<\/b> &#8220;Eco-Bandits for the Future&#8221;<\/p>\n<\/li>\n<li>\n<p data-path-to-node=\"13,5,0\"><b>V\u00e1ci Juh\u00e1sz Gyula Primary School:<\/b> &#8220;Sponge Garden&#8221;<\/p>\n<\/li>\n<\/ul>\n<p data-path-to-node=\"14\"><b>High Schools<\/b><\/p>\n<ul data-path-to-node=\"15\">\n<li>\n<p data-path-to-node=\"15,0,0\"><b>Budapest Gennaro Verolino Kindergarten, Primary School, Skills Development School and Dormitory:<\/b> &#8220;Colorful Hearts for a Green Future&#8221;<\/p>\n<\/li>\n<li>\n<p data-path-to-node=\"15,1,0\"><b>Debreceni Csokonai Vit\u00e9z Mih\u00e1ly High School:<\/b> &#8220;With Momentum for a Sustainable Future&#8221;<\/p>\n<\/li>\n<\/ul>\n<h3 data-path-to-node=\"16\">Personal Experience<\/h3>\n<p data-path-to-node=\"17\">The reason I hold this project in high regard, both professionally and personally, is the <b>consistent<\/b> and genuine care for future generations. This is not a one-day, &#8220;the agency will handle it&#8221; award ceremony, but almost a full year of work.<\/p>\n<p data-path-to-node=\"18\">The award gala is about allowing the winners to grow emotionally, professionally, and communally. Winners from the previous year also attended this year\u2014this is how a community is formed. There was a professional discussion in the form of a roundtable (which was actually a rectangle ;)), and a professional lecture given by Di\u00e1na \u00dcrge-Vorsatz. There was laughter thanks to the Itt \u00e9s Most (Here and Now) improvisational theater and Gergely Litkai&#8217;s presentation, there was a singing lesson, and even a Nature Trail game.<\/p>\n<p data-path-to-node=\"19\">A full day for those educators who, on top of their daily work, take on the task of inventing and coordinating actions aimed at environmental education, shaping a vision of the future, and alleviating anxiety for children and young people.<\/p>\n<p data-path-to-node=\"20\">A day when\u2014for the third year now\u2014I feel at this event that the E.ON organizers truly do everything they can to ensure that the educators and winners are recharged both emotionally and professionally on this day, thanks to their genuine care.<\/p>\n<p data-path-to-node=\"21\">This is why participating in this program is a grateful task. Thank you! I encourage everyone involved to join the Champions of the Earth community next year and apply.<\/p>\n<p data-path-to-node=\"22\"><i>[We wrote about the 2024 Champions of the Earth here, and the 2023 ones here.]<\/i><\/p>\n","protected":false},"excerpt":{"rendered":"<p>A day for and with those who channel climate anxiety into action.<\/p>\n","protected":false},"author":3,"featured_media":4045,"comment_status":"open","ping_status":"open","sticky":false,"template":"","format":"standard","meta":{"_et_pb_use_builder":"","_et_pb_old_content":"","_et_gb_content_width":"","footnotes":""},"categories":[119],"tags":[358,359,360,357,361,353],"_links":{"self":[{"href":"https:\/\/www.planetfanatics.hu\/en\/wp-json\/wp\/v2\/posts\/4061"}],"collection":[{"href":"https:\/\/www.planetfanatics.hu\/en\/wp-json\/wp\/v2\/posts"}],"about":[{"href":"https:\/\/www.planetfanatics.hu\/en\/wp-json\/wp\/v2\/types\/post"}],"author":[{"embeddable":true,"href":"https:\/\/www.planetfanatics.hu\/en\/wp-json\/wp\/v2\/users\/3"}],"replies":[{"embeddable":true,"href":"https:\/\/www.planetfanatics.hu\/en\/wp-json\/wp\/v2\/comments?post=4061"}],"version-history":[{"count":1,"href":"https:\/\/www.planetfanatics.hu\/en\/wp-json\/wp\/v2\/posts\/4061\/revisions"}],"predecessor-version":[{"id":4062,"href":"https:\/\/www.planetfanatics.hu\/en\/wp-json\/wp\/v2\/posts\/4061\/revisions\/4062"}],"wp:featuredmedia":[{"embeddable":true,"href":"https:\/\/www.planetfanatics.hu\/en\/wp-json\/wp\/v2\/media\/4045"}],"wp:attachment":[{"href":"https:\/\/www.planetfanatics.hu\/en\/wp-json\/wp\/v2\/media?parent=4061"}],"wp:term":[{"taxonomy":"category","embeddable":true,"href":"https:\/\/www.planetfanatics.hu\/en\/wp-json\/wp\/v2\/categories?post=4061"},{"taxonomy":"post_tag","embeddable":true,"href":"https:\/\/www.planetfanatics.hu\/en\/wp-json\/wp\/v2\/tags?post=4061"}],"curies":[{"name":"wp","href":"https:\/\/api.w.org\/{rel}","templated":true}]}}